{"id":1269,"date":"2012-11-15T02:42:24","date_gmt":"2012-11-15T01:42:24","guid":{"rendered":"http:\/\/www.agenciazoom.com\/web\/?p=1269"},"modified":"2025-03-18T16:43:57","modified_gmt":"2025-03-18T15:43:57","slug":"pujol-ano-cero","status":"publish","type":"post","link":"https:\/\/www.agenciazoom.com\/web\/reportajes\/pujol-ano-cero\/","title":{"rendered":"Pujol, a\u00f1o cero"},"content":{"rendered":"\n<p class=\"gran\">Aqu\u00ed puedes leer el resultado de semana siguiendo los pasos de Jordi Pujol despu\u00e9s de abandonar la presidencia de la Generalitat. Este trabajo se realiz\u00f3 en oto\u00f1o de 2006. As\u00ed se expresaba el pol\u00edtico que nombr\u00f3 a Artur Mas l\u00edder de Converg\u00e8ncia i Uni\u00f3.<\/p>\n\n\n\n<h3 class=\"wp-block-heading\">\u201cSe puede ser nacionalista sin ser independentista\u201d<\/h3>\n\n\n\n<p>7.30 h. En Barcelona el sol empieza a despuntar&nbsp; En el barrio de Sant Gervasi (zona alta de la ciudad), Jordi Pujol sale de su casa custodiado por tres Mossos d\u2019Esquadra. Sube a su coche oficial (Volkswagen Passat cuya matr\u00edcula oficial luce pegatina con la inscripci\u00f3n CAT) para salir a toda pastilla hacia los estudios de la televisi\u00f3n auton\u00f3mica, donde ser\u00e1 entrevistado en el magazine catal\u00e1n de mayor audiencia. Mientras esperan el directo, repasan la actualidad. &#8211; No s\u00e9 cu\u00e1ntos espectadores fueron al partido de la selecci\u00f3n&#8230; &#8211; admite el presentador. &#8211; 56.000 &#8211; responde un Pujol que est\u00e1 resfriado pero que se mantiene en plena forma. \u201c\u00a1Aaaaaaajjjjjj\u2026!\u201d, carraspea de nuevo, se peina, se pone y se quita las gafas. Lee, saca su bol\u00edgrafo Bic Cristal azul, anota y mira a la c\u00e1mara. Durante la entrevista Pujol alerta que la globalizaci\u00f3n sit\u00faa a Catalunya en una encrucijada debido a los nuevos retos que plantea. \u201cComo en una carrera de ciclismo, ahora&nbsp; hemos de saber qu\u00e9 pi\u00f1\u00f3n poner y lo tengo que decir porque corremos el riego de equivocarnos de camino\u201d.<\/p>\n\n\n\n<p>Texto: David Vilar y F\u00e8lix Merino \/ Fotograf\u00edas: <a href=\"http:\/\/www.edgardossantos.com\/\" target=\"_blank\" rel=\"noopener noreferrer nofollow\">Edgar Dos Santos<\/a><\/p>\n","protected":false},"excerpt":{"rendered":"<p>\u201cSe puede ser nacionalista sin ser independentista\u201d. El &#8216;President&#8217; m\u00e1s longevo (23 a\u00f1os) se comportaba como si estuviera todav\u00eda en el poder cuatro a\u00f1os despu\u00e9s.<\/p>\n","protected":false},"author":33,"featured_media":1266,"comment_status":"closed","ping_status":"closed","sticky":false,"template":"","format":"standard","meta":{"footnotes":""},"categories":[34,477,5],"tags":[77,61,76,254,50,78],"class_list":["post-1269","post","type-post","status-publish","format-standard","has-post-thumbnail","hentry","category-politica","category-foto","category-reportajes","tag-77","tag-barcelona","tag-david-vilar","tag-politica","tag-felix-merino","tag-jordi-pujol"],"_links":{"self":[{"href":"https:\/\/www.agenciazoom.com\/web\/wp-json\/wp\/v2\/posts\/1269","targetHints":{"allow":["GET"]}}],"collection":[{"href":"https:\/\/www.agenciazoom.com\/web\/wp-json\/wp\/v2\/posts"}],"about":[{"href":"https:\/\/www.agenciazoom.com\/web\/wp-json\/wp\/v2\/types\/post"}],"author":[{"embeddable":true,"href":"https:\/\/www.agenciazoom.com\/web\/wp-json\/wp\/v2\/users\/33"}],"replies":[{"embeddable":true,"href":"https:\/\/www.agenciazoom.com\/web\/wp-json\/wp\/v2\/comments?post=1269"}],"version-history":[{"count":46,"href":"https:\/\/www.agenciazoom.com\/web\/wp-json\/wp\/v2\/posts\/1269\/revisions"}],"predecessor-version":[{"id":10770,"href":"https:\/\/www.agenciazoom.com\/web\/wp-json\/wp\/v2\/posts\/1269\/revisions\/10770"}],"wp:featuredmedia":[{"embeddable":true,"href":"https:\/\/www.agenciazoom.com\/web\/wp-json\/wp\/v2\/media\/1266"}],"wp:attachment":[{"href":"https:\/\/www.agenciazoom.com\/web\/wp-json\/wp\/v2\/media?parent=1269"}],"wp:term":[{"taxonomy":"category","embeddable":true,"href":"https:\/\/www.agenciazoom.com\/web\/wp-json\/wp\/v2\/categories?post=1269"},{"taxonomy":"post_tag","embeddable":true,"href":"https:\/\/www.agenciazoom.com\/web\/wp-json\/wp\/v2\/tags?post=1269"}],"curies":[{"name":"wp","href":"https:\/\/api.w.org\/{rel}","templated":true}]}}