{"id":7346,"date":"2016-05-02T07:00:11","date_gmt":"2016-05-02T05:00:11","guid":{"rendered":"http:\/\/www.agenciazoom.com\/web\/?p=7346"},"modified":"2025-03-18T16:43:54","modified_gmt":"2025-03-18T15:43:54","slug":"obscure","status":"publish","type":"post","link":"https:\/\/www.agenciazoom.com\/web\/reportajes\/obscure\/","title":{"rendered":"<em>\u00abObscure\u00bb<\/em>"},"content":{"rendered":"\n<p class=\"gran\"><strong>Una decena de psicoling\u00fcistas y antrop\u00f3logos del Instituto Max Planck han estudiado durante a\u00f1os conversaciones de 13 idiomas diferentes para concluir que la vista es el sentido m\u00e1s importante. El o\u00eddo y el tacto se alternan en el segundo y tercer lugar. Mientras que el sabor y el olor son los menos relevantes.<\/strong><\/p>\n\n\n\n<p class=\"gran\">Contemplar la serie de fotograf\u00edas realizadas a personas ciegas por Rub\u00e9n Plasencia (Canarias, 1986) provoca una extra\u00f1a atracci\u00f3n: la peculiar belleza de unos rostros marcados por experiencias por las que nosotros, c\u00f3modos espectadores, nunca hemos pasado, nos permite asomarnos a un mundo desconocido y fascinante donde los par\u00e1metros expresivos han sido invertidos.<\/p>\n\n\n\n<p class=\"gran\">Si por una parte destaca la inmensa dignidad que emana de estos rostros, por otra, la involuntaria desnudez de unas personas que no tienen el control sobre sus expresiones, como lo pueden tener los videntes, nos convierte quiz\u00e1s involuntariamente en <em>voyeurs<\/em>.<\/p>\n\n\n\n<p class=\"gran\"><strong>Fotos: Rub\u00e9n Plasencia \/ Espa\u00f1a<\/strong><\/p>\n","protected":false},"excerpt":{"rendered":"<p>Contemplar estas fotograf\u00edas realizadas a personas ciegas provoca una extra\u00f1a atracci\u00f3n: la peculiar belleza de unos rostros marcados por experiencias por las que nosotros nunca hemos pasado, nos permite asomarnos a un mundo desconocido y fascinante donde los par\u00e1metros expresivos han sido invertidos.<\/p>\n","protected":false},"author":33,"featured_media":7359,"comment_status":"closed","ping_status":"closed","sticky":false,"template":"","format":"standard","meta":{"footnotes":""},"categories":[477,5,29],"tags":[274,273,275],"class_list":["post-7346","post","type-post","status-publish","format-standard","has-post-thumbnail","hentry","category-foto","category-reportajes","category-sociedad","tag-ceguera","tag-ruben-plasencia","tag-tenerife"],"_links":{"self":[{"href":"https:\/\/www.agenciazoom.com\/web\/wp-json\/wp\/v2\/posts\/7346","targetHints":{"allow":["GET"]}}],"collection":[{"href":"https:\/\/www.agenciazoom.com\/web\/wp-json\/wp\/v2\/posts"}],"about":[{"href":"https:\/\/www.agenciazoom.com\/web\/wp-json\/wp\/v2\/types\/post"}],"author":[{"embeddable":true,"href":"https:\/\/www.agenciazoom.com\/web\/wp-json\/wp\/v2\/users\/33"}],"replies":[{"embeddable":true,"href":"https:\/\/www.agenciazoom.com\/web\/wp-json\/wp\/v2\/comments?post=7346"}],"version-history":[{"count":16,"href":"https:\/\/www.agenciazoom.com\/web\/wp-json\/wp\/v2\/posts\/7346\/revisions"}],"predecessor-version":[{"id":10729,"href":"https:\/\/www.agenciazoom.com\/web\/wp-json\/wp\/v2\/posts\/7346\/revisions\/10729"}],"wp:featuredmedia":[{"embeddable":true,"href":"https:\/\/www.agenciazoom.com\/web\/wp-json\/wp\/v2\/media\/7359"}],"wp:attachment":[{"href":"https:\/\/www.agenciazoom.com\/web\/wp-json\/wp\/v2\/media?parent=7346"}],"wp:term":[{"taxonomy":"category","embeddable":true,"href":"https:\/\/www.agenciazoom.com\/web\/wp-json\/wp\/v2\/categories?post=7346"},{"taxonomy":"post_tag","embeddable":true,"href":"https:\/\/www.agenciazoom.com\/web\/wp-json\/wp\/v2\/tags?post=7346"}],"curies":[{"name":"wp","href":"https:\/\/api.w.org\/{rel}","templated":true}]}}