{"id":7979,"date":"2017-02-08T22:02:33","date_gmt":"2017-02-08T21:02:33","guid":{"rendered":"http:\/\/www.agenciazoom.com\/web\/?p=7979"},"modified":"2025-03-24T12:20:11","modified_gmt":"2025-03-24T11:20:11","slug":"eko-385","status":"publish","type":"post","link":"https:\/\/www.agenciazoom.com\/web\/reportajes\/eko-385\/","title":{"rendered":"Rufugiados 2015"},"content":{"rendered":"\n<p class=\"gran\">El verano de 2015 se recordar\u00e1 para siempre como el verano de \u00abla crisis de los refugiados\u00bb. Entonces m\u00e1s de un mill\u00f3n de personas llegaron a la UE a trav\u00e9s de las fronteras abiertas por Turqu\u00eda. Ven\u00edan de Iraq, Siria, Libia y Afganist\u00e1n. Eko era un antigua gasolinera en Polykastro (frontera con Macedonia) donde se erigi\u00f3 un campo de refugiados gestionado al 100% por cooperantes llegados de diferentes partes de Espa\u00f1a, principalmente de Catalu\u00f1a.\u00a0<\/p>\n\n\n\n<p class=\"gran\">En este trabajo nos centramos en explicar c\u00f3mo funciona y qu\u00e9 retos de organizaci\u00f3n plantea un campo de refugiados. Y lo hacemos a trav\u00e9s de las historias y experiencias de sus cooperantes en lo que constituye una mirada desde la experiencia del trabajo de campo, lejos de las administraciones y la burocracia de verja y fronteras cerradas.<\/p>\n\n\n\n<p class=\"gran\">Este excelente trabajo fue emitido por la XAL y VOCTV.<\/p>\n\n\n\n<p>Fotos: Mart\u00ed Albesa \/ Polykastro (Grecia)<\/p>\n","protected":false},"excerpt":{"rendered":"<p>Son 385 los pasos de un adulto que separan la puerta del campo militar de Vasilika, de la puerta de Eko. Cada d\u00eda desde agosto de 2016 centenares de personas, especialmente menores, hacen este recorrido para salir del infierno donde una Europa sorda, ciega y muda los ha condenado a la eterna espera.<\/p>\n","protected":false},"author":33,"featured_media":7980,"comment_status":"closed","ping_status":"closed","sticky":false,"template":"","format":"standard","meta":{"footnotes":""},"categories":[34,33,5,29,25],"tags":[135,258,296,159],"class_list":["post-7979","post","type-post","status-publish","format-standard","has-post-thumbnail","hentry","category-politica","category-internacional","category-reportajes","category-sociedad","category-video","tag-europa","tag-fronteras","tag-marti-albesa","tag-refugiados"],"_links":{"self":[{"href":"https:\/\/www.agenciazoom.com\/web\/wp-json\/wp\/v2\/posts\/7979","targetHints":{"allow":["GET"]}}],"collection":[{"href":"https:\/\/www.agenciazoom.com\/web\/wp-json\/wp\/v2\/posts"}],"about":[{"href":"https:\/\/www.agenciazoom.com\/web\/wp-json\/wp\/v2\/types\/post"}],"author":[{"embeddable":true,"href":"https:\/\/www.agenciazoom.com\/web\/wp-json\/wp\/v2\/users\/33"}],"replies":[{"embeddable":true,"href":"https:\/\/www.agenciazoom.com\/web\/wp-json\/wp\/v2\/comments?post=7979"}],"version-history":[{"count":20,"href":"https:\/\/www.agenciazoom.com\/web\/wp-json\/wp\/v2\/posts\/7979\/revisions"}],"predecessor-version":[{"id":11011,"href":"https:\/\/www.agenciazoom.com\/web\/wp-json\/wp\/v2\/posts\/7979\/revisions\/11011"}],"wp:featuredmedia":[{"embeddable":true,"href":"https:\/\/www.agenciazoom.com\/web\/wp-json\/wp\/v2\/media\/7980"}],"wp:attachment":[{"href":"https:\/\/www.agenciazoom.com\/web\/wp-json\/wp\/v2\/media?parent=7979"}],"wp:term":[{"taxonomy":"category","embeddable":true,"href":"https:\/\/www.agenciazoom.com\/web\/wp-json\/wp\/v2\/categories?post=7979"},{"taxonomy":"post_tag","embeddable":true,"href":"https:\/\/www.agenciazoom.com\/web\/wp-json\/wp\/v2\/tags?post=7979"}],"curies":[{"name":"wp","href":"https:\/\/api.w.org\/{rel}","templated":true}]}}