{"id":8050,"date":"2017-02-28T20:45:19","date_gmt":"2017-02-28T19:45:19","guid":{"rendered":"http:\/\/www.agenciazoom.com\/web\/?p=8050"},"modified":"2025-03-18T16:43:55","modified_gmt":"2025-03-18T15:43:55","slug":"la-ecoaldea-de-matavenero","status":"publish","type":"post","link":"https:\/\/www.agenciazoom.com\/web\/reportajes\/la-ecoaldea-de-matavenero\/","title":{"rendered":"Utop\u00eda ib\u00e9rica"},"content":{"rendered":"\n<p class=\"gran\"><strong>Matavenero (Le\u00f3n) est\u00e1 considerada una de las ecoaldea m\u00e1s importantes de Europa. Desde su fundaci\u00f3n (1989) fue concebida como un \u00abpueblo europeo\u00bb de intercambio cultural. El proyecto indaga en la relaci\u00f3n entre los individuos y el entorno, centrado en un grupo de diferentes familias y personas que se asentaron y viven en el pueblo.<\/strong><\/p>\n\n\n\n<p class=\"gran\">La ecoaldea se encuentra aislada y sus habitantes intentan vivir desconectados de la sociedad, de una manera m\u00e1s sostenible, basada en el aprovechamiento de sus propios recursos naturales. \u00c9sta es la cr\u00f3nica de un peque\u00f1o pueblo del norte de Espa\u00f1a que bien se podr\u00eda llamar Utop\u00eda. <\/p>\n\n\n\n<p>La fotograf\u00eda es obra de un joven Antonio Guerra, hoy un artista visual contempor\u00e1neo que nos maravilla con sus nuevas narrativas. Aqu\u00ed su <a href=\"https:\/\/www.antonioguerra.eu\/index.html\" data-type=\"link\" data-id=\"https:\/\/www.antonioguerra.eu\/index.html\" target=\"_blank\" rel=\"noopener noreferrer nofollow\">web<\/a>.<\/p>\n\n\n\n<p class=\"gran\">Fotos: Antonio Guerra<\/p>\n\n\n\n<p><\/p>\n","protected":false},"excerpt":{"rendered":"<p>Matavenero surgi\u00f3 del movimiento Arco Iris y est\u00e1 considerada una de las ecoaldea m\u00e1s importantes de Europa. Desde su fundaci\u00f3n, en torno a 1989, fue concebida como un \u00abpueblo europeo\u00bb de intercambio cultural.<\/p>\n","protected":false},"author":33,"featured_media":8061,"comment_status":"closed","ping_status":"closed","sticky":false,"template":"","format":"standard","meta":{"footnotes":""},"categories":[477,5,29],"tags":[285,38],"class_list":["post-8050","post","type-post","status-publish","format-standard","has-post-thumbnail","hentry","category-foto","category-reportajes","category-sociedad","tag-ecologia","tag-espana"],"_links":{"self":[{"href":"https:\/\/www.agenciazoom.com\/web\/wp-json\/wp\/v2\/posts\/8050","targetHints":{"allow":["GET"]}}],"collection":[{"href":"https:\/\/www.agenciazoom.com\/web\/wp-json\/wp\/v2\/posts"}],"about":[{"href":"https:\/\/www.agenciazoom.com\/web\/wp-json\/wp\/v2\/types\/post"}],"author":[{"embeddable":true,"href":"https:\/\/www.agenciazoom.com\/web\/wp-json\/wp\/v2\/users\/33"}],"replies":[{"embeddable":true,"href":"https:\/\/www.agenciazoom.com\/web\/wp-json\/wp\/v2\/comments?post=8050"}],"version-history":[{"count":24,"href":"https:\/\/www.agenciazoom.com\/web\/wp-json\/wp\/v2\/posts\/8050\/revisions"}],"predecessor-version":[{"id":10979,"href":"https:\/\/www.agenciazoom.com\/web\/wp-json\/wp\/v2\/posts\/8050\/revisions\/10979"}],"wp:featuredmedia":[{"embeddable":true,"href":"https:\/\/www.agenciazoom.com\/web\/wp-json\/wp\/v2\/media\/8061"}],"wp:attachment":[{"href":"https:\/\/www.agenciazoom.com\/web\/wp-json\/wp\/v2\/media?parent=8050"}],"wp:term":[{"taxonomy":"category","embeddable":true,"href":"https:\/\/www.agenciazoom.com\/web\/wp-json\/wp\/v2\/categories?post=8050"},{"taxonomy":"post_tag","embeddable":true,"href":"https:\/\/www.agenciazoom.com\/web\/wp-json\/wp\/v2\/tags?post=8050"}],"curies":[{"name":"wp","href":"https:\/\/api.w.org\/{rel}","templated":true}]}}