{"id":8175,"date":"2017-06-04T19:42:19","date_gmt":"2017-06-04T17:42:19","guid":{"rendered":"http:\/\/www.agenciazoom.com\/web\/?p=8175"},"modified":"2025-03-18T16:43:55","modified_gmt":"2025-03-18T15:43:55","slug":"clubbers-la-noche-sin-fin","status":"publish","type":"post","link":"https:\/\/www.agenciazoom.com\/web\/reportajes\/clubbers-la-noche-sin-fin\/","title":{"rendered":"Berl\u00edn 8am"},"content":{"rendered":"\n<p class=\"gran\">Berl\u00edn 1989: Tras la ca\u00edda de su famoso muro y los miles de cambios que comport\u00f3, pocos se imaginaban que habr\u00eda que incluir el desarrollo de un circuito de clubs que, m\u00e1s all\u00e1 de su funci\u00f3n recreativa, iba a crear toda una contracultura musical y social en la capital alemana. La joven fot\u00f3grafa Anna-Lena Krause ha retratado a una serie de berlineses a la salida de los clubs (8am), despu\u00e9s del \u00e9xtasis del baile, un momento en que el cansancio saca a relucir su vertiente m\u00e1s fr\u00e1gil.<\/p>\n\n\n\n<p class=\"gran\">Nos encanta esta fot\u00f3grafa alemana que hoy se ha convertido en una artistaza <a href=\"https:\/\/annalenakrause.de\" data-type=\"link\" data-id=\"https:\/\/annalenakrause.de\" target=\"_blank\" rel=\"noopener noreferrer nofollow\">(web)<\/a>.<\/p>\n\n\n\n<p class=\"gran\">Fotos: Anna-Lena Krause<\/p>\n","protected":false},"excerpt":{"rendered":"<p>Entre los incontables cambios que se produjeron en la ciudad de Berl\u00edn tras la ca\u00edda de su famoso muro en 1989, pocos se imaginaban que habr\u00eda que incluir el desarrollo de un circuito de clubs que, m\u00e1s all\u00e1 de su funci\u00f3n recreativa, iba a crear toda una contracultura musical y social en la capital alemana.<\/p>\n","protected":false},"author":33,"featured_media":8183,"comment_status":"closed","ping_status":"closed","sticky":false,"template":"","format":"standard","meta":{"footnotes":""},"categories":[213,477,5,29],"tags":[299,294,300,135,32,36],"class_list":["post-8175","post","type-post","status-publish","format-standard","has-post-thumbnail","hentry","category-cultura-y-ocio","category-foto","category-reportajes","category-sociedad","tag-anna-lena-krause","tag-baile","tag-berlin","tag-europa","tag-musica","tag-retrato"],"_links":{"self":[{"href":"https:\/\/www.agenciazoom.com\/web\/wp-json\/wp\/v2\/posts\/8175","targetHints":{"allow":["GET"]}}],"collection":[{"href":"https:\/\/www.agenciazoom.com\/web\/wp-json\/wp\/v2\/posts"}],"about":[{"href":"https:\/\/www.agenciazoom.com\/web\/wp-json\/wp\/v2\/types\/post"}],"author":[{"embeddable":true,"href":"https:\/\/www.agenciazoom.com\/web\/wp-json\/wp\/v2\/users\/33"}],"replies":[{"embeddable":true,"href":"https:\/\/www.agenciazoom.com\/web\/wp-json\/wp\/v2\/comments?post=8175"}],"version-history":[{"count":14,"href":"https:\/\/www.agenciazoom.com\/web\/wp-json\/wp\/v2\/posts\/8175\/revisions"}],"predecessor-version":[{"id":10994,"href":"https:\/\/www.agenciazoom.com\/web\/wp-json\/wp\/v2\/posts\/8175\/revisions\/10994"}],"wp:featuredmedia":[{"embeddable":true,"href":"https:\/\/www.agenciazoom.com\/web\/wp-json\/wp\/v2\/media\/8183"}],"wp:attachment":[{"href":"https:\/\/www.agenciazoom.com\/web\/wp-json\/wp\/v2\/media?parent=8175"}],"wp:term":[{"taxonomy":"category","embeddable":true,"href":"https:\/\/www.agenciazoom.com\/web\/wp-json\/wp\/v2\/categories?post=8175"},{"taxonomy":"post_tag","embeddable":true,"href":"https:\/\/www.agenciazoom.com\/web\/wp-json\/wp\/v2\/tags?post=8175"}],"curies":[{"name":"wp","href":"https:\/\/api.w.org\/{rel}","templated":true}]}}