{"id":8347,"date":"2017-08-02T12:34:18","date_gmt":"2017-08-02T10:34:18","guid":{"rendered":"http:\/\/www.agenciazoom.com\/web\/?p=8347"},"modified":"2025-04-02T17:38:50","modified_gmt":"2025-04-02T15:38:50","slug":"los-vencedores","status":"publish","type":"post","link":"https:\/\/www.agenciazoom.com\/web\/reportajes\/los-vencedores\/","title":{"rendered":"Los Vencedores"},"content":{"rendered":"\n<p class=\"gran\">\u00bfC\u00f3mo premi\u00f3 Franco a su camarilla golpista? Regal\u00e1ndoles casa, palacios y fincas (algunas expropiadas), entre otros privilegios. En este reportaje hemos buscado durante a\u00f1os d\u00f3nde estaban y cu\u00e1les son las residencias de la \u00e9lite franquista. En total doce militares \u00a0y cinco civiles, la flor y nata de los golpistas y sus esbirros.\u00a0<\/p>\n\n\n\n<p class=\"gran\">Para realizar este exhaustivo trabajo, el fot\u00f3grafo Ignasi Prat, parti\u00f3 de las actas de defunci\u00f3n la camarilla franquista. Aqu\u00ed est\u00e1n las casas, casones y palacetes de todos: desde Franco y su hermano Nicol\u00e1s hasta miembros de la Junta T\u00e9cnica, primer&nbsp;embri\u00f3n del Estado franquista (Francisco Fermoso Blanco, Luis Vald\u00e9s Cabanillas), de la&nbsp;Junta Militar golpista (Miguel Ponte Manso de Z\u00fa\u00f1iga, Gonzalo Queipo de Llano),&nbsp;ministros varios de los tiempos m\u00e1s negros (Tom\u00e1s Dom\u00ednguez Ar\u00e9valo, Jos\u00e9 Luis&nbsp;Arrese Magra, Agust\u00edn Mu\u00f1oz Grandes, Francisco Regalado Rodr\u00edguez, Blas P\u00e9rez&nbsp;Gonz\u00e1lez, Carlos Asensio Cabanillas, Ram\u00f3n Serrano S\u00fa\u00f1er y Raimundo Fern\u00e1ndez-Cuesta Merelo) y personajes importantes dentro del sistema por diferentes conceptos&nbsp;(Juan Vig\u00f3n Suero-D\u00edaz o Salvador Moreno Fern\u00e1ndez).<\/p>\n\n\n\n<p class=\"gran\">Este impecable trabajo nos recuerda, ya no simplemente que el franquismo nunca lleg\u00f3 a ser juzgado, sino que goz\u00f3 del lujo y la placidez que de sus residencias emana. &nbsp;Ignasi Prat consigue retratar lo que muchos han denominadao la \u00abbanalidad del mal\u00bb o \u00abpol\u00edtica p\u00fablica del olvido\u00bb.<\/p>\n\n\n\n<p>Fotos: <strong>Ignasi Prat <\/strong><\/p>\n","protected":false},"excerpt":{"rendered":"<p>El mundo de los vencedores utiliza la fotograf\u00eda como soporte a una actividad de arqueolog\u00eda del franquismo basada en la recuperaci\u00f3n est\u00e9tica de las residencias de los m\u00e1ximos responsables de la represi\u00f3n.<\/p>\n","protected":false},"author":33,"featured_media":8498,"comment_status":"closed","ping_status":"closed","sticky":false,"template":"","format":"standard","meta":{"footnotes":""},"categories":[34,477,5],"tags":[311,38,310,96,309],"class_list":["post-8347","post","type-post","status-publish","format-standard","has-post-thumbnail","hentry","category-politica","category-foto","category-reportajes","tag-arquitectura","tag-espana","tag-franquismo","tag-guerra","tag-ignasi-prat"],"_links":{"self":[{"href":"https:\/\/www.agenciazoom.com\/web\/wp-json\/wp\/v2\/posts\/8347","targetHints":{"allow":["GET"]}}],"collection":[{"href":"https:\/\/www.agenciazoom.com\/web\/wp-json\/wp\/v2\/posts"}],"about":[{"href":"https:\/\/www.agenciazoom.com\/web\/wp-json\/wp\/v2\/types\/post"}],"author":[{"embeddable":true,"href":"https:\/\/www.agenciazoom.com\/web\/wp-json\/wp\/v2\/users\/33"}],"replies":[{"embeddable":true,"href":"https:\/\/www.agenciazoom.com\/web\/wp-json\/wp\/v2\/comments?post=8347"}],"version-history":[{"count":19,"href":"https:\/\/www.agenciazoom.com\/web\/wp-json\/wp\/v2\/posts\/8347\/revisions"}],"predecessor-version":[{"id":11100,"href":"https:\/\/www.agenciazoom.com\/web\/wp-json\/wp\/v2\/posts\/8347\/revisions\/11100"}],"wp:featuredmedia":[{"embeddable":true,"href":"https:\/\/www.agenciazoom.com\/web\/wp-json\/wp\/v2\/media\/8498"}],"wp:attachment":[{"href":"https:\/\/www.agenciazoom.com\/web\/wp-json\/wp\/v2\/media?parent=8347"}],"wp:term":[{"taxonomy":"category","embeddable":true,"href":"https:\/\/www.agenciazoom.com\/web\/wp-json\/wp\/v2\/categories?post=8347"},{"taxonomy":"post_tag","embeddable":true,"href":"https:\/\/www.agenciazoom.com\/web\/wp-json\/wp\/v2\/tags?post=8347"}],"curies":[{"name":"wp","href":"https:\/\/api.w.org\/{rel}","templated":true}]}}