{"id":8729,"date":"2018-02-03T21:11:57","date_gmt":"2018-02-03T20:11:57","guid":{"rendered":"http:\/\/www.agenciazoom.com\/web\/?p=8729"},"modified":"2025-03-18T16:43:55","modified_gmt":"2025-03-18T15:43:55","slug":"mediterraneo-post-mortem","status":"publish","type":"post","link":"https:\/\/www.agenciazoom.com\/web\/reportajes\/mediterraneo-post-mortem\/","title":{"rendered":"Fosa Nostrum"},"content":{"rendered":"\n<p class=\"gran\">El Mediterr\u00e1neo (Mare Nostrum) ya es la mayor fosa com\u00fan para emigrantes del mundo. Cada a\u00f1o, unas 3.000 personas se ahogan. \u00bfQu\u00e9 sucede con los cuerpos que el mar devuelve de sus profundidades? \u00bfD\u00f3nde y c\u00f3mo est\u00e1n enterrados? \u00bfC\u00f3mo se trabaja para identificarlos y permitir que sus familias sepan que han muerto y puedan descansar en paz?<\/p>\n\n\n\n<p class=\"gran\">Harto de documentar los naufragios de emigrantes en el Mediterr\u00e1neo, Max Hirzel, empez\u00f3 a investigar c\u00f3mo se trabaja para reconstruir la identidad de los fallecidos en el Mare Nostrum. Y para conseguirlo, tuvo que ir desde Sicilia a Senegal, un viaje en direcci\u00f3n contraria al que protagonizan muchos emigrantes para traernos este estremecedor trabajo seleccionado en VISA POUR L&#8217;IMAGE.<\/p>\n\n\n\n<p>Fotos: <strong>Max Hirzel<\/strong> \/ Mediterr\u00e1neo<\/p>\n","protected":false},"excerpt":{"rendered":"<p>\u00bfQu\u00e9 sucede con los cuerpos de los migrantes fallecidos en el Mediterr\u00e1neo? \u00bfD\u00f3nde y c\u00f3mo est\u00e1n enterrados, cu\u00e1ntos tienen su nombre? \u00bfQu\u00e9 se est\u00e1 haciendo para devolverles su identidad para que sus familias descansen en paz?<\/p>\n","protected":false},"author":33,"featured_media":8778,"comment_status":"closed","ping_status":"closed","sticky":false,"template":"","format":"standard","meta":{"footnotes":""},"categories":[34,477,5,29],"tags":[59,318,314],"class_list":["post-8729","post","type-post","status-publish","format-standard","has-post-thumbnail","hentry","category-politica","category-foto","category-reportajes","category-sociedad","tag-inmigracion","tag-max-hirzel","tag-muerte"],"_links":{"self":[{"href":"https:\/\/www.agenciazoom.com\/web\/wp-json\/wp\/v2\/posts\/8729","targetHints":{"allow":["GET"]}}],"collection":[{"href":"https:\/\/www.agenciazoom.com\/web\/wp-json\/wp\/v2\/posts"}],"about":[{"href":"https:\/\/www.agenciazoom.com\/web\/wp-json\/wp\/v2\/types\/post"}],"author":[{"embeddable":true,"href":"https:\/\/www.agenciazoom.com\/web\/wp-json\/wp\/v2\/users\/33"}],"replies":[{"embeddable":true,"href":"https:\/\/www.agenciazoom.com\/web\/wp-json\/wp\/v2\/comments?post=8729"}],"version-history":[{"count":22,"href":"https:\/\/www.agenciazoom.com\/web\/wp-json\/wp\/v2\/posts\/8729\/revisions"}],"predecessor-version":[{"id":10968,"href":"https:\/\/www.agenciazoom.com\/web\/wp-json\/wp\/v2\/posts\/8729\/revisions\/10968"}],"wp:featuredmedia":[{"embeddable":true,"href":"https:\/\/www.agenciazoom.com\/web\/wp-json\/wp\/v2\/media\/8778"}],"wp:attachment":[{"href":"https:\/\/www.agenciazoom.com\/web\/wp-json\/wp\/v2\/media?parent=8729"}],"wp:term":[{"taxonomy":"category","embeddable":true,"href":"https:\/\/www.agenciazoom.com\/web\/wp-json\/wp\/v2\/categories?post=8729"},{"taxonomy":"post_tag","embeddable":true,"href":"https:\/\/www.agenciazoom.com\/web\/wp-json\/wp\/v2\/tags?post=8729"}],"curies":[{"name":"wp","href":"https:\/\/api.w.org\/{rel}","templated":true}]}}