{"id":9248,"date":"2020-01-14T12:30:50","date_gmt":"2020-01-14T11:30:50","guid":{"rendered":"http:\/\/www.agenciazoom.com\/web\/?p=9248"},"modified":"2025-03-18T16:43:55","modified_gmt":"2025-03-18T15:43:55","slug":"a-los-que-viajan","status":"publish","type":"post","link":"https:\/\/www.agenciazoom.com\/web\/reportajes\/a-los-que-viajan\/","title":{"rendered":"Social Car"},"content":{"rendered":"\n<p>Mar S\u00e1ez (Murcia 1983) se traslad\u00f3 a Madrid despu\u00e9s de licenciarse en Psicolog\u00eda y Comunicaci\u00f3n Audiovisual. Como ella misma reconoce fueron \u201ca\u00f1os colmados de sentimientos contradictorios. Sentirme de aqu\u00ed y de all\u00ed. Y, casi siempre, de ninguna parte\u201d. De Murcia a Madrid, del Levante al centro; del pueblo a la capital. &#8216;Compartir coche&#8217; es un recorrido visual a un trayecto hecho cientos de veces usando coches compartidos gracias a las aplicaciones que facilitan la movilidad. En palabras de su autora,\u00a0A los que viajan\u00a0es un \u201cpeque\u00f1o homenaje a los que viajan\u201d y, sobre todo, \u201ca los que sienten\u201d.<\/p>\n\n\n\n<p>Texto y fotos: <strong>Mar S\u00e1ez<\/strong> \/ Madrid \u2013 Murcia<\/p>\n","protected":false},"excerpt":{"rendered":"<p>Mar S\u00e1ez (Murcia 1983) se traslad\u00f3 a Madrid despu\u00e9s de licenciarse en Psicolog\u00eda y Comunicaci\u00f3n Audiovisual. Como ella misma reconoce fueron \u00aba\u00f1os colmados de sentimientos contradictorios. Sentirme de aqu\u00ed y de all\u00ed. Y, casi siempre, de ninguna parte\u00bb. De Murcia a Madrid, del Levante al centro, del pueblo a la capital. Un recorrido hecho cientos de veces usando coches compartidos gracias a las aplicaciones que facilitan nuestra movilidad.<\/p>\n","protected":false},"author":33,"featured_media":9253,"comment_status":"closed","ping_status":"closed","sticky":false,"template":"","format":"standard","meta":{"footnotes":""},"categories":[477,5,29,64],"tags":[38,337,256],"class_list":["post-9248","post","type-post","status-publish","format-standard","has-post-thumbnail","hentry","category-foto","category-reportajes","category-sociedad","category-viajes","tag-espana","tag-mar-saez","tag-viajes"],"_links":{"self":[{"href":"https:\/\/www.agenciazoom.com\/web\/wp-json\/wp\/v2\/posts\/9248","targetHints":{"allow":["GET"]}}],"collection":[{"href":"https:\/\/www.agenciazoom.com\/web\/wp-json\/wp\/v2\/posts"}],"about":[{"href":"https:\/\/www.agenciazoom.com\/web\/wp-json\/wp\/v2\/types\/post"}],"author":[{"embeddable":true,"href":"https:\/\/www.agenciazoom.com\/web\/wp-json\/wp\/v2\/users\/33"}],"replies":[{"embeddable":true,"href":"https:\/\/www.agenciazoom.com\/web\/wp-json\/wp\/v2\/comments?post=9248"}],"version-history":[{"count":17,"href":"https:\/\/www.agenciazoom.com\/web\/wp-json\/wp\/v2\/posts\/9248\/revisions"}],"predecessor-version":[{"id":10973,"href":"https:\/\/www.agenciazoom.com\/web\/wp-json\/wp\/v2\/posts\/9248\/revisions\/10973"}],"wp:featuredmedia":[{"embeddable":true,"href":"https:\/\/www.agenciazoom.com\/web\/wp-json\/wp\/v2\/media\/9253"}],"wp:attachment":[{"href":"https:\/\/www.agenciazoom.com\/web\/wp-json\/wp\/v2\/media?parent=9248"}],"wp:term":[{"taxonomy":"category","embeddable":true,"href":"https:\/\/www.agenciazoom.com\/web\/wp-json\/wp\/v2\/categories?post=9248"},{"taxonomy":"post_tag","embeddable":true,"href":"https:\/\/www.agenciazoom.com\/web\/wp-json\/wp\/v2\/tags?post=9248"}],"curies":[{"name":"wp","href":"https:\/\/api.w.org\/{rel}","templated":true}]}}